{"id":180,"date":"2025-04-18T10:14:26","date_gmt":"2025-04-18T10:14:26","guid":{"rendered":"https:\/\/valeriadeidda.com\/?p=180"},"modified":"2025-04-18T10:15:13","modified_gmt":"2025-04-18T10:15:13","slug":"responsabilita-civile-e-penale-nella-detenzione-del-cane-cio-che-ogni-proprietario-deve-sapere","status":"publish","type":"post","link":"https:\/\/valeriadeidda.com\/es\/2025\/04\/18\/responsabilita-civile-e-penale-nella-detenzione-del-cane-cio-che-ogni-proprietario-deve-sapere\/","title":{"rendered":"Responsabilit\u00e0 civile e penale nella detenzione del cane: ci\u00f2 che ogni proprietario deve sapere"},"content":{"rendered":"<p class=\"wp-block-paragraph\">Avere un cane non significa solo dargli affetto, cibo e una cuccia comoda. Significa, prima di tutto, essere responsabili. Responsabili della sua educazione, del suo benessere, delle sue emozioni e\u2026 delle sue azioni.<\/p>\n\n\n\n<p class=\"wp-block-paragraph\">Eppure, nel mio lavoro quotidiano, mi accorgo che molti proprietari non hanno ben chiaro fino a dove arriva la loro responsabilit\u00e0. E non parlo solo di buon senso: parlo proprio di responsabilit\u00e0 civile e penale, previste dalla legge italiana.<\/p>\n\n\n\n<p class=\"wp-block-paragraph\">Questo articolo nasce per fare chiarezza, senza allarmismi ma anche senza sconti: perch\u00e9 solo conoscendo le regole possiamo vivere serenamente il rapporto con il nostro cane, tutelando lui, noi stessi e chi ci sta intorno.<\/p>\n\n\n\n<p class=\"wp-block-paragraph\">\u2e3b<\/p>\n\n\n\n<h2 class=\"wp-block-heading\"><strong>La responsabilit\u00e0 civile: una questione di danno, non di colpa<\/strong><\/h2>\n\n\n\n<p class=\"wp-block-paragraph\">Il riferimento chiave \u00e8 l\u2019<a href=\"https:\/\/www.gazzettaufficiale.it\/atto\/serie_generale\/caricaArticolo?art.progressivo=0&amp;art.idArticolo=2052&amp;art.versione=1&amp;art.codiceRedazionale=042U0262&amp;art.dataPubblicazioneGazzetta=1942-04-04&amp;art.idGruppo=258&amp;art.idSottoArticolo1=10&amp;art.idSottoArticolo=1&amp;art.flagTipoArticolo=2#:~:text=2052)-,Art.,che%20provi%20il%20caso%20fortuito.\">art. 2052 del Codice Civile<\/a>, che stabilisce una regola molto netta:<\/p>\n\n\n\n<p class=\"wp-block-paragraph\">\u201cIl proprietario di un animale, o chi se ne serve per il tempo in cui lo ha in uso, \u00e8 responsabile dei danni cagionati dall\u2019animale, sia che fosse sotto la sua custodia, sia che fosse smarrito o fuggito.\u201d<\/p>\n\n\n\n<p class=\"wp-block-paragraph\">Cosa significa? Che se il tuo cane causa un danno \u2013 fisico o materiale \u2013 a una persona, a un altro animale o a una propriet\u00e0, sei tu a dover rispondere.<br>La responsabilit\u00e0 \u00e8 oggettiva: non conta se il danno \u00e8 avvenuto per colpa tua o no. Conta solo che il cane era sotto la tua custodia.<\/p>\n\n\n\n<p class=\"wp-block-paragraph\">Un esempio classico:<br>\u2022 il cane scappa dal cancello lasciato aperto e morde un passante \u2192 sei responsabile.<br>\u2022 il cane tira al guinzaglio e fa cadere una persona \u2192 sei responsabile.<br>\u2022 il cane si infila in un campo e ferisce una pecora \u2192 sei responsabile.<\/p>\n\n\n\n<p class=\"wp-block-paragraph\">Tutto questo pu\u00f2 avere conseguenze economiche anche importanti. Ecco perch\u00e9 una polizza di responsabilit\u00e0 civile \u00e8 caldamente consigliata: non \u00e8 obbligatoria, ma pu\u00f2 fare la differenza in caso di imprevisti.<\/p>\n\n\n\n<p class=\"wp-block-paragraph\">\u2e3b<\/p>\n\n\n\n<h2 class=\"wp-block-heading\"><strong>La responsabilit\u00e0 penale: quando la condotta diventa reato<\/strong><\/h2>\n\n\n\n<p class=\"wp-block-paragraph\">Diverso \u2013 e pi\u00f9 serio \u2013 \u00e8 il discorso della responsabilit\u00e0 penale.<\/p>\n\n\n\n<p class=\"wp-block-paragraph\">Qui non si parla pi\u00f9 solo di danni, ma di reati. E il confine \u00e8 sottile.<\/p>\n\n\n\n<p class=\"wp-block-paragraph\">L\u2019<a href=\"https:\/\/www.gazzettaufficiale.it\/atto\/serie_generale\/caricaArticolo?art.versione=1&amp;art.idGruppo=56&amp;art.flagTipoArticolo=1&amp;art.codiceRedazionale=030U1398&amp;art.idArticolo=590&amp;art.idSottoArticolo=1&amp;art.idSottoArticolo1=10&amp;art.dataPubblicazioneGazzetta=1930-10-26&amp;art.progressivo=0#:~:text=590.,multa%20fino%20a%20lire%20cinquemila.\">art. 590 del Codice Penale<\/a> disciplina le lesioni colpose:<\/p>\n\n\n\n<p class=\"wp-block-paragraph\">Se una persona viene ferita dal cane e si dimostra che il proprietario ha agito con negligenza, imprudenza o imperizia, pu\u00f2 essere perseguito penalmente.<\/p>\n\n\n\n<p class=\"wp-block-paragraph\">Ancora pi\u00f9 grave \u00e8 l\u2019<a href=\"https:\/\/www.gazzettaufficiale.it\/atto\/serie_generale\/caricaArticolo?art.versione=6&amp;art.idGruppo=56&amp;art.flagTipoArticolo=1&amp;art.codiceRedazionale=030U1398&amp;art.idArticolo=589&amp;art.idSottoArticolo=1&amp;art.idSottoArticolo1=10&amp;art.dataPubblicazioneGazzetta=1930-10-26&amp;art.progressivo=0#:~:text=589.,da%20due%20a%20sette%20anni.\">art. 589<\/a>, che tratta l\u2019omicidio colposo.<\/p>\n\n\n\n<p class=\"wp-block-paragraph\">Se da quella stessa condotta negligente deriva la morte di una persona, si entra in un ambito penale molto serio, con conseguenze anche detentive.<\/p>\n\n\n\n<p class=\"wp-block-paragraph\">E no, non \u00e8 fantascienza. Succede. \u00c8 successo.<br>Un cane lasciato libero in un parco pubblico, un cane noto per comportamenti aggressivi non dotato di museruola, un cane che scatta all\u2019improvviso e spaventa qualcuno che poi cade: sono tutte situazioni reali, finite in tribunale.<\/p>\n\n\n\n<p class=\"wp-block-paragraph\">\u2e3b<\/p>\n\n\n\n<h2 class=\"wp-block-heading\"><strong>Detenzione temporanea: chi ha il cane, ne risponde<\/strong><\/h2>\n\n\n\n<p class=\"wp-block-paragraph\">Un errore comune \u00e8 pensare che la responsabilit\u00e0 sia solo del proprietario \u201cufficiale\u201d. In realt\u00e0, anche chi ha il cane in affidamento temporaneo \u00e8 responsabile, a tutti gli effetti.<\/p>\n\n\n\n<p class=\"wp-block-paragraph\">Questo vale in diverse situazioni:<br>\u2022 dog sitter o familiari che portano il cane a spasso;<br>\u2022 amici che lo ospitano per qualche giorno;<br>\u2022 conduttori durante stage, gare, sessioni di lavoro.<\/p>\n\n\n\n<p class=\"wp-block-paragraph\">In tutti questi casi, la persona che materialmente ha il controllo del cane, anche se solo per mezz\u2019ora, assume responsabilit\u00e0 legale. Questo significa che chi lavora con i cani deve essere preparato, formato e consapevole.<\/p>\n\n\n\n<p class=\"wp-block-paragraph\">Nel contesto cinofilo, soprattutto, ci si dimentica spesso che la competenza non \u00e8 un optional, ma una tutela legale concreta.<\/p>\n\n\n\n<p class=\"wp-block-paragraph\">\u2e3b<\/p>\n\n\n\n<h2 class=\"wp-block-heading\"><strong>Le norme integrative: regolamenti regionali e ordinanze ministeriali<\/strong><\/h2>\n\n\n\n<p class=\"wp-block-paragraph\">Oltre al Codice Civile e Penale, esistono normative locali e ordinanze nazionali che regolano la gestione dei cani.<\/p>\n\n\n\n<p class=\"wp-block-paragraph\">Tra le disposizioni pi\u00f9 importanti:<br>\u2022 Guinzaglio obbligatorio nelle aree pubbliche (massimo 1,5 m),<br>\u2022 Museruola da portare sempre con s\u00e9 e applicare in caso di necessit\u00e0 o richiesta,<br>\u2022 Obbligo di formazione per proprietari di cani con comportamenti aggressivi o coinvolti in episodi di morsicatura.<\/p>\n\n\n\n<p class=\"wp-block-paragraph\">Inoltre, alcune razze o tipologie di cane possono essere soggette a normative regionali particolari. Anche le ASL possono intervenire con provvedimenti specifici (come l\u2019obbligo di valutazione comportamentale o uso permanente della museruola).<\/p>\n\n\n\n<p class=\"wp-block-paragraph\">Non conoscere queste regole non \u00e8 una giustificazione: davanti alla legge, l\u2019ignoranza non tutela. La conoscenza, invece, s\u00ec.<\/p>\n\n\n\n<p class=\"wp-block-paragraph\">\u2e3b<\/p>\n\n\n\n<h2 class=\"wp-block-heading\"><strong>La prevenzione inizia dalla relazione: educazione e consapevolezza<\/strong><\/h2>\n\n\n\n<p class=\"wp-block-paragraph\">Tutto questo pu\u00f2 sembrare rigido o persino spaventoso, ma la verit\u00e0 \u00e8 che una buona gestione comportamentale \u00e8 la miglior forma di prevenzione legale.<\/p>\n\n\n\n<p class=\"wp-block-paragraph\">Un cane educato, seguito, capito e rispettato \u00e8 un cane che vive in equilibrio. E un proprietario consapevole \u00e8 una persona che tutela s\u00e9 stesso e gli altri.<\/p>\n\n\n\n<p class=\"wp-block-paragraph\">Educazione, guida, conoscenza: sono le basi del mio lavoro.<br>Chi mi conosce lo sa: non lavoro solo per \u201cinsegnare comandi\u201d, ma per costruire una relazione sana e sicura.<br>Perch\u00e9 un cane che sa stare nel mondo, e un umano che sa guidarlo, sono la vera garanzia contro i problemi legali e i rischi inutili.<\/p>\n\n\n\n<p class=\"wp-block-paragraph\">\u2e3b<\/p>\n\n\n\n<h2 class=\"wp-block-heading\"><strong>Conclusioni: vivere con il cane \u00e8 una scelta d\u2019amore, ma anche di responsabilit\u00e0<\/strong><\/h2>\n\n\n\n<p class=\"wp-block-paragraph\">Il cane \u00e8 un essere vivente, non un peluche. Non possiamo trattarlo con leggerezza n\u00e9 affidarci al caso.<\/p>\n\n\n\n<p class=\"wp-block-paragraph\">Responsabilit\u00e0 civile e penale non sono solo concetti giuridici: sono il riflesso concreto di come viviamo il nostro ruolo di proprietari.<\/p>\n\n\n\n<p class=\"wp-block-paragraph\">Essere consapevoli di ci\u00f2 che la legge prevede significa proteggere il cane, s\u00e9 stessi e chi ci circonda.<br>E se anche tu vuoi essere un proprietario pi\u00f9 consapevole, io sono qui per accompagnarti. Nel cammino dell\u2019educazione, e anche nel comprendere come vivere meglio (e pi\u00f9 sicuri) insieme al tuo cane.<\/p>\n\n\n\n<p class=\"wp-block-paragraph\"><\/p>","protected":false},"excerpt":{"rendered":"<p>Avere un cane non significa solo dargli affetto, cibo e una cuccia comoda. Significa, prima di tutto, essere responsabili. Responsabili della sua educazione, del suo benessere, delle sue emozioni e\u2026 delle sue azioni. Eppure, nel mio lavoro quotidiano, mi accorgo che molti proprietari non hanno ben chiaro fino a dove arriva la loro responsabilit\u00e0. E [&hellip;]<\/p>\n","protected":false},"author":1,"featured_media":185,"comment_status":"open","ping_status":"open","sticky":false,"template":"","format":"standard","meta":{"_crdt_document":"","_jetpack_newsletter_access":"","_jetpack_dont_email_post_to_subs":false,"_jetpack_newsletter_tier_id":0,"_jetpack_memberships_contains_paywalled_content":false,"_jetpack_memberships_contains_paid_content":false,"footnotes":"","jetpack_publicize_message":"","jetpack_publicize_feature_enabled":true,"jetpack_social_post_already_shared":true,"jetpack_social_options":{"image_generator_settings":{"template":"highway","default_image_id":0,"font":"","enabled":false},"version":2},"_wpas_customize_per_network":false,"jetpack_post_was_ever_published":false},"categories":[7],"tags":[32,33,8,23,25,36,41,29,40,42,14,31,39,43,24,28,26,37,45,35,34,38,27,44,30],"class_list":["post-180","post","type-post","status-publish","format-standard","has-post-thumbnail","hentry","category-normative","tag-asl","tag-ats","tag-cane","tag-cani","tag-civile","tag-custodia","tag-denuncia","tag-divieti","tag-dog-sitter","tag-gestione","tag-legge","tag-morso","tag-morte","tag-museruola","tag-normative","tag-obblighi","tag-penale","tag-polizza","tag-prevenzione","tag-problema","tag-problemi","tag-reato","tag-responsabilita","tag-segnalazione","tag-tribunale"],"aioseo_notices":[],"yoast_head":"<!-- This site is optimized with the Yoast SEO plugin v27.4 - https:\/\/yoast.com\/product\/yoast-seo-wordpress\/ -->\n<title>Responsabilit\u00e0 civile e penale nella detenzione del cane: ci\u00f2 che ogni proprietario deve sapere - Dog Service<\/title>\n<meta name=\"robots\" content=\"index, follow, max-snippet:-1, max-image-preview:large, max-video-preview:-1\" \/>\n<link rel=\"canonical\" href=\"https:\/\/valeriadeidda.com\/es\/2025\/04\/18\/responsabilita-civile-e-penale-nella-detenzione-del-cane-cio-che-ogni-proprietario-deve-sapere\/\" \/>\n<meta property=\"og:locale\" content=\"es_ES\" \/>\n<meta property=\"og:type\" content=\"article\" \/>\n<meta property=\"og:title\" content=\"Responsabilit\u00e0 civile e penale nella detenzione del cane\" \/>\n<meta property=\"og:description\" content=\"ci\u00f2 che ogni proprietario deve sapere\" \/>\n<meta property=\"og:url\" content=\"https:\/\/valeriadeidda.com\/es\/2025\/04\/18\/responsabilita-civile-e-penale-nella-detenzione-del-cane-cio-che-ogni-proprietario-deve-sapere\/\" \/>\n<meta property=\"og:site_name\" content=\"Dog Service\" \/>\n<meta property=\"article:published_time\" content=\"2025-04-18T10:14:26+00:00\" \/>\n<meta property=\"article:modified_time\" content=\"2025-04-18T10:15:13+00:00\" \/>\n<meta property=\"og:image\" content=\"https:\/\/valeriadeidda.com\/wp-content\/uploads\/2025\/04\/Cane-morde-persone-768x581.jpg.webp\" \/>\n\t<meta property=\"og:image:width\" content=\"768\" \/>\n\t<meta property=\"og:image:height\" content=\"581\" \/>\n\t<meta property=\"og:image:type\" content=\"image\/webp\" \/>\n<meta name=\"author\" content=\"85valeriadeidda\" \/>\n<meta name=\"twitter:card\" content=\"summary_large_image\" \/>\n<meta name=\"twitter:label1\" content=\"Escrito por\" \/>\n\t<meta name=\"twitter:data1\" content=\"85valeriadeidda\" \/>\n\t<meta name=\"twitter:label2\" content=\"Tiempo de lectura\" \/>\n\t<meta name=\"twitter:data2\" content=\"6 minutos\" \/>\n<script type=\"application\/ld+json\" class=\"yoast-schema-graph\">{\"@context\":\"https:\\\/\\\/schema.org\",\"@graph\":[{\"@type\":\"Article\",\"@id\":\"https:\\\/\\\/valeriadeidda.com\\\/2025\\\/04\\\/18\\\/responsabilita-civile-e-penale-nella-detenzione-del-cane-cio-che-ogni-proprietario-deve-sapere\\\/#article\",\"isPartOf\":{\"@id\":\"https:\\\/\\\/valeriadeidda.com\\\/2025\\\/04\\\/18\\\/responsabilita-civile-e-penale-nella-detenzione-del-cane-cio-che-ogni-proprietario-deve-sapere\\\/\"},\"author\":{\"name\":\"85valeriadeidda\",\"@id\":\"https:\\\/\\\/valeriadeidda.com\\\/#\\\/schema\\\/person\\\/6efaec0178959e1d17e1f6f2183e7520\"},\"headline\":\"Responsabilit\u00e0 civile e penale nella detenzione del cane: ci\u00f2 che ogni proprietario deve sapere\",\"datePublished\":\"2025-04-18T10:14:26+00:00\",\"dateModified\":\"2025-04-18T10:15:13+00:00\",\"mainEntityOfPage\":{\"@id\":\"https:\\\/\\\/valeriadeidda.com\\\/2025\\\/04\\\/18\\\/responsabilita-civile-e-penale-nella-detenzione-del-cane-cio-che-ogni-proprietario-deve-sapere\\\/\"},\"wordCount\":897,\"commentCount\":0,\"publisher\":{\"@id\":\"https:\\\/\\\/valeriadeidda.com\\\/#organization\"},\"image\":{\"@id\":\"https:\\\/\\\/valeriadeidda.com\\\/2025\\\/04\\\/18\\\/responsabilita-civile-e-penale-nella-detenzione-del-cane-cio-che-ogni-proprietario-deve-sapere\\\/#primaryimage\"},\"thumbnailUrl\":\"https:\\\/\\\/i0.wp.com\\\/valeriadeidda.com\\\/wp-content\\\/uploads\\\/2025\\\/04\\\/Cane-morde-persone-768x581.jpg.webp?fit=768%2C581&ssl=1\",\"keywords\":[\"asl\",\"ats\",\"cane\",\"cani\",\"civile\",\"custodia\",\"denuncia\",\"divieti\",\"dog sitter\",\"gestione\",\"legge\",\"morso\",\"morte\",\"museruola\",\"normative\",\"obblighi\",\"penale\",\"polizza\",\"prevenzione\",\"problema\",\"problemi\",\"reato\",\"responsabilit\u00e0\",\"segnalazione\",\"tribunale\"],\"articleSection\":[\"normative\"],\"inLanguage\":\"es-AR\",\"potentialAction\":[{\"@type\":\"CommentAction\",\"name\":\"Comment\",\"target\":[\"https:\\\/\\\/valeriadeidda.com\\\/2025\\\/04\\\/18\\\/responsabilita-civile-e-penale-nella-detenzione-del-cane-cio-che-ogni-proprietario-deve-sapere\\\/#respond\"]}]},{\"@type\":\"WebPage\",\"@id\":\"https:\\\/\\\/valeriadeidda.com\\\/2025\\\/04\\\/18\\\/responsabilita-civile-e-penale-nella-detenzione-del-cane-cio-che-ogni-proprietario-deve-sapere\\\/\",\"url\":\"https:\\\/\\\/valeriadeidda.com\\\/2025\\\/04\\\/18\\\/responsabilita-civile-e-penale-nella-detenzione-del-cane-cio-che-ogni-proprietario-deve-sapere\\\/\",\"name\":\"Responsabilit\u00e0 civile e penale nella detenzione del cane: ci\u00f2 che ogni proprietario deve sapere - Dog Service\",\"isPartOf\":{\"@id\":\"https:\\\/\\\/valeriadeidda.com\\\/#website\"},\"primaryImageOfPage\":{\"@id\":\"https:\\\/\\\/valeriadeidda.com\\\/2025\\\/04\\\/18\\\/responsabilita-civile-e-penale-nella-detenzione-del-cane-cio-che-ogni-proprietario-deve-sapere\\\/#primaryimage\"},\"image\":{\"@id\":\"https:\\\/\\\/valeriadeidda.com\\\/2025\\\/04\\\/18\\\/responsabilita-civile-e-penale-nella-detenzione-del-cane-cio-che-ogni-proprietario-deve-sapere\\\/#primaryimage\"},\"thumbnailUrl\":\"https:\\\/\\\/i0.wp.com\\\/valeriadeidda.com\\\/wp-content\\\/uploads\\\/2025\\\/04\\\/Cane-morde-persone-768x581.jpg.webp?fit=768%2C581&ssl=1\",\"datePublished\":\"2025-04-18T10:14:26+00:00\",\"dateModified\":\"2025-04-18T10:15:13+00:00\",\"breadcrumb\":{\"@id\":\"https:\\\/\\\/valeriadeidda.com\\\/2025\\\/04\\\/18\\\/responsabilita-civile-e-penale-nella-detenzione-del-cane-cio-che-ogni-proprietario-deve-sapere\\\/#breadcrumb\"},\"inLanguage\":\"es-AR\",\"potentialAction\":[{\"@type\":\"ReadAction\",\"target\":[\"https:\\\/\\\/valeriadeidda.com\\\/2025\\\/04\\\/18\\\/responsabilita-civile-e-penale-nella-detenzione-del-cane-cio-che-ogni-proprietario-deve-sapere\\\/\"]}]},{\"@type\":\"ImageObject\",\"inLanguage\":\"es-AR\",\"@id\":\"https:\\\/\\\/valeriadeidda.com\\\/2025\\\/04\\\/18\\\/responsabilita-civile-e-penale-nella-detenzione-del-cane-cio-che-ogni-proprietario-deve-sapere\\\/#primaryimage\",\"url\":\"https:\\\/\\\/i0.wp.com\\\/valeriadeidda.com\\\/wp-content\\\/uploads\\\/2025\\\/04\\\/Cane-morde-persone-768x581.jpg.webp?fit=768%2C581&ssl=1\",\"contentUrl\":\"https:\\\/\\\/i0.wp.com\\\/valeriadeidda.com\\\/wp-content\\\/uploads\\\/2025\\\/04\\\/Cane-morde-persone-768x581.jpg.webp?fit=768%2C581&ssl=1\",\"width\":768,\"height\":581},{\"@type\":\"BreadcrumbList\",\"@id\":\"https:\\\/\\\/valeriadeidda.com\\\/2025\\\/04\\\/18\\\/responsabilita-civile-e-penale-nella-detenzione-del-cane-cio-che-ogni-proprietario-deve-sapere\\\/#breadcrumb\",\"itemListElement\":[{\"@type\":\"ListItem\",\"position\":1,\"name\":\"Home\",\"item\":\"https:\\\/\\\/valeriadeidda.com\\\/\"},{\"@type\":\"ListItem\",\"position\":2,\"name\":\"Responsabilit\u00e0 civile e penale nella detenzione del cane: ci\u00f2 che ogni proprietario deve sapere\"}]},{\"@type\":\"WebSite\",\"@id\":\"https:\\\/\\\/valeriadeidda.com\\\/#website\",\"url\":\"https:\\\/\\\/valeriadeidda.com\\\/\",\"name\":\"Dog Service\",\"description\":\"\",\"publisher\":{\"@id\":\"https:\\\/\\\/valeriadeidda.com\\\/#organization\"},\"potentialAction\":[{\"@type\":\"SearchAction\",\"target\":{\"@type\":\"EntryPoint\",\"urlTemplate\":\"https:\\\/\\\/valeriadeidda.com\\\/?s={search_term_string}\"},\"query-input\":{\"@type\":\"PropertyValueSpecification\",\"valueRequired\":true,\"valueName\":\"search_term_string\"}}],\"inLanguage\":\"es-AR\"},{\"@type\":\"Organization\",\"@id\":\"https:\\\/\\\/valeriadeidda.com\\\/#organization\",\"name\":\"Dog Service\",\"url\":\"https:\\\/\\\/valeriadeidda.com\\\/\",\"logo\":{\"@type\":\"ImageObject\",\"inLanguage\":\"es-AR\",\"@id\":\"https:\\\/\\\/valeriadeidda.com\\\/#\\\/schema\\\/logo\\\/image\\\/\",\"url\":\"https:\\\/\\\/i0.wp.com\\\/valeriadeidda.com\\\/wp-content\\\/uploads\\\/2025\\\/02\\\/WhatsApp-Image-2025-02-08-at-11.06.33.jpeg?fit=746%2C634&ssl=1\",\"contentUrl\":\"https:\\\/\\\/i0.wp.com\\\/valeriadeidda.com\\\/wp-content\\\/uploads\\\/2025\\\/02\\\/WhatsApp-Image-2025-02-08-at-11.06.33.jpeg?fit=746%2C634&ssl=1\",\"width\":746,\"height\":634,\"caption\":\"Dog Service\"},\"image\":{\"@id\":\"https:\\\/\\\/valeriadeidda.com\\\/#\\\/schema\\\/logo\\\/image\\\/\"}},{\"@type\":\"Person\",\"@id\":\"https:\\\/\\\/valeriadeidda.com\\\/#\\\/schema\\\/person\\\/6efaec0178959e1d17e1f6f2183e7520\",\"name\":\"85valeriadeidda\",\"image\":{\"@type\":\"ImageObject\",\"inLanguage\":\"es-AR\",\"@id\":\"https:\\\/\\\/secure.gravatar.com\\\/avatar\\\/4a392d4911c3305f828e7662a3fd235d04c2e15d610c61b7ba10227dca834db9?s=96&d=mm&r=g\",\"url\":\"https:\\\/\\\/secure.gravatar.com\\\/avatar\\\/4a392d4911c3305f828e7662a3fd235d04c2e15d610c61b7ba10227dca834db9?s=96&d=mm&r=g\",\"contentUrl\":\"https:\\\/\\\/secure.gravatar.com\\\/avatar\\\/4a392d4911c3305f828e7662a3fd235d04c2e15d610c61b7ba10227dca834db9?s=96&d=mm&r=g\",\"caption\":\"85valeriadeidda\"},\"sameAs\":[\"https:\\\/\\\/valeriadeidda.com\"],\"url\":\"https:\\\/\\\/valeriadeidda.com\\\/es\\\/author\\\/85valeriadeidda\\\/\"}]}<\/script>\n<!-- \/ Yoast SEO plugin. -->","yoast_head_json":{"title":"Responsabilit\u00e0 civile e penale nella detenzione del cane: ci\u00f2 che ogni proprietario deve sapere - Dog Service","robots":{"index":"index","follow":"follow","max-snippet":"max-snippet:-1","max-image-preview":"max-image-preview:large","max-video-preview":"max-video-preview:-1"},"canonical":"https:\/\/valeriadeidda.com\/es\/2025\/04\/18\/responsabilita-civile-e-penale-nella-detenzione-del-cane-cio-che-ogni-proprietario-deve-sapere\/","og_locale":"es_ES","og_type":"article","og_title":"Responsabilit\u00e0 civile e penale nella detenzione del cane","og_description":"ci\u00f2 che ogni proprietario deve sapere","og_url":"https:\/\/valeriadeidda.com\/es\/2025\/04\/18\/responsabilita-civile-e-penale-nella-detenzione-del-cane-cio-che-ogni-proprietario-deve-sapere\/","og_site_name":"Dog Service","article_published_time":"2025-04-18T10:14:26+00:00","article_modified_time":"2025-04-18T10:15:13+00:00","og_image":[{"width":768,"height":581,"url":"https:\/\/valeriadeidda.com\/wp-content\/uploads\/2025\/04\/Cane-morde-persone-768x581.jpg.webp","type":"image\/webp"}],"author":"85valeriadeidda","twitter_card":"summary_large_image","twitter_misc":{"Escrito por":"85valeriadeidda","Tiempo de lectura":"6 minutos"},"schema":{"@context":"https:\/\/schema.org","@graph":[{"@type":"Article","@id":"https:\/\/valeriadeidda.com\/2025\/04\/18\/responsabilita-civile-e-penale-nella-detenzione-del-cane-cio-che-ogni-proprietario-deve-sapere\/#article","isPartOf":{"@id":"https:\/\/valeriadeidda.com\/2025\/04\/18\/responsabilita-civile-e-penale-nella-detenzione-del-cane-cio-che-ogni-proprietario-deve-sapere\/"},"author":{"name":"85valeriadeidda","@id":"https:\/\/valeriadeidda.com\/#\/schema\/person\/6efaec0178959e1d17e1f6f2183e7520"},"headline":"Responsabilit\u00e0 civile e penale nella detenzione del cane: ci\u00f2 che ogni proprietario deve sapere","datePublished":"2025-04-18T10:14:26+00:00","dateModified":"2025-04-18T10:15:13+00:00","mainEntityOfPage":{"@id":"https:\/\/valeriadeidda.com\/2025\/04\/18\/responsabilita-civile-e-penale-nella-detenzione-del-cane-cio-che-ogni-proprietario-deve-sapere\/"},"wordCount":897,"commentCount":0,"publisher":{"@id":"https:\/\/valeriadeidda.com\/#organization"},"image":{"@id":"https:\/\/valeriadeidda.com\/2025\/04\/18\/responsabilita-civile-e-penale-nella-detenzione-del-cane-cio-che-ogni-proprietario-deve-sapere\/#primaryimage"},"thumbnailUrl":"https:\/\/i0.wp.com\/valeriadeidda.com\/wp-content\/uploads\/2025\/04\/Cane-morde-persone-768x581.jpg.webp?fit=768%2C581&ssl=1","keywords":["asl","ats","cane","cani","civile","custodia","denuncia","divieti","dog sitter","gestione","legge","morso","morte","museruola","normative","obblighi","penale","polizza","prevenzione","problema","problemi","reato","responsabilit\u00e0","segnalazione","tribunale"],"articleSection":["normative"],"inLanguage":"es-AR","potentialAction":[{"@type":"CommentAction","name":"Comment","target":["https:\/\/valeriadeidda.com\/2025\/04\/18\/responsabilita-civile-e-penale-nella-detenzione-del-cane-cio-che-ogni-proprietario-deve-sapere\/#respond"]}]},{"@type":"WebPage","@id":"https:\/\/valeriadeidda.com\/2025\/04\/18\/responsabilita-civile-e-penale-nella-detenzione-del-cane-cio-che-ogni-proprietario-deve-sapere\/","url":"https:\/\/valeriadeidda.com\/2025\/04\/18\/responsabilita-civile-e-penale-nella-detenzione-del-cane-cio-che-ogni-proprietario-deve-sapere\/","name":"Responsabilit\u00e0 civile e penale nella detenzione del cane: ci\u00f2 che ogni proprietario deve sapere - Dog Service","isPartOf":{"@id":"https:\/\/valeriadeidda.com\/#website"},"primaryImageOfPage":{"@id":"https:\/\/valeriadeidda.com\/2025\/04\/18\/responsabilita-civile-e-penale-nella-detenzione-del-cane-cio-che-ogni-proprietario-deve-sapere\/#primaryimage"},"image":{"@id":"https:\/\/valeriadeidda.com\/2025\/04\/18\/responsabilita-civile-e-penale-nella-detenzione-del-cane-cio-che-ogni-proprietario-deve-sapere\/#primaryimage"},"thumbnailUrl":"https:\/\/i0.wp.com\/valeriadeidda.com\/wp-content\/uploads\/2025\/04\/Cane-morde-persone-768x581.jpg.webp?fit=768%2C581&ssl=1","datePublished":"2025-04-18T10:14:26+00:00","dateModified":"2025-04-18T10:15:13+00:00","breadcrumb":{"@id":"https:\/\/valeriadeidda.com\/2025\/04\/18\/responsabilita-civile-e-penale-nella-detenzione-del-cane-cio-che-ogni-proprietario-deve-sapere\/#breadcrumb"},"inLanguage":"es-AR","potentialAction":[{"@type":"ReadAction","target":["https:\/\/valeriadeidda.com\/2025\/04\/18\/responsabilita-civile-e-penale-nella-detenzione-del-cane-cio-che-ogni-proprietario-deve-sapere\/"]}]},{"@type":"ImageObject","inLanguage":"es-AR","@id":"https:\/\/valeriadeidda.com\/2025\/04\/18\/responsabilita-civile-e-penale-nella-detenzione-del-cane-cio-che-ogni-proprietario-deve-sapere\/#primaryimage","url":"https:\/\/i0.wp.com\/valeriadeidda.com\/wp-content\/uploads\/2025\/04\/Cane-morde-persone-768x581.jpg.webp?fit=768%2C581&ssl=1","contentUrl":"https:\/\/i0.wp.com\/valeriadeidda.com\/wp-content\/uploads\/2025\/04\/Cane-morde-persone-768x581.jpg.webp?fit=768%2C581&ssl=1","width":768,"height":581},{"@type":"BreadcrumbList","@id":"https:\/\/valeriadeidda.com\/2025\/04\/18\/responsabilita-civile-e-penale-nella-detenzione-del-cane-cio-che-ogni-proprietario-deve-sapere\/#breadcrumb","itemListElement":[{"@type":"ListItem","position":1,"name":"Home","item":"https:\/\/valeriadeidda.com\/"},{"@type":"ListItem","position":2,"name":"Responsabilit\u00e0 civile e penale nella detenzione del cane: ci\u00f2 che ogni proprietario deve sapere"}]},{"@type":"WebSite","@id":"https:\/\/valeriadeidda.com\/#website","url":"https:\/\/valeriadeidda.com\/","name":"Dog Service","description":"","publisher":{"@id":"https:\/\/valeriadeidda.com\/#organization"},"potentialAction":[{"@type":"SearchAction","target":{"@type":"EntryPoint","urlTemplate":"https:\/\/valeriadeidda.com\/?s={search_term_string}"},"query-input":{"@type":"PropertyValueSpecification","valueRequired":true,"valueName":"search_term_string"}}],"inLanguage":"es-AR"},{"@type":"Organization","@id":"https:\/\/valeriadeidda.com\/#organization","name":"Dog Service","url":"https:\/\/valeriadeidda.com\/","logo":{"@type":"ImageObject","inLanguage":"es-AR","@id":"https:\/\/valeriadeidda.com\/#\/schema\/logo\/image\/","url":"https:\/\/i0.wp.com\/valeriadeidda.com\/wp-content\/uploads\/2025\/02\/WhatsApp-Image-2025-02-08-at-11.06.33.jpeg?fit=746%2C634&ssl=1","contentUrl":"https:\/\/i0.wp.com\/valeriadeidda.com\/wp-content\/uploads\/2025\/02\/WhatsApp-Image-2025-02-08-at-11.06.33.jpeg?fit=746%2C634&ssl=1","width":746,"height":634,"caption":"Dog Service"},"image":{"@id":"https:\/\/valeriadeidda.com\/#\/schema\/logo\/image\/"}},{"@type":"Person","@id":"https:\/\/valeriadeidda.com\/#\/schema\/person\/6efaec0178959e1d17e1f6f2183e7520","name":"85valeriadeidda","image":{"@type":"ImageObject","inLanguage":"es-AR","@id":"https:\/\/secure.gravatar.com\/avatar\/4a392d4911c3305f828e7662a3fd235d04c2e15d610c61b7ba10227dca834db9?s=96&d=mm&r=g","url":"https:\/\/secure.gravatar.com\/avatar\/4a392d4911c3305f828e7662a3fd235d04c2e15d610c61b7ba10227dca834db9?s=96&d=mm&r=g","contentUrl":"https:\/\/secure.gravatar.com\/avatar\/4a392d4911c3305f828e7662a3fd235d04c2e15d610c61b7ba10227dca834db9?s=96&d=mm&r=g","caption":"85valeriadeidda"},"sameAs":["https:\/\/valeriadeidda.com"],"url":"https:\/\/valeriadeidda.com\/es\/author\/85valeriadeidda\/"}]}},"jetpack_publicize_connections":[],"jetpack_featured_media_url":"https:\/\/i0.wp.com\/valeriadeidda.com\/wp-content\/uploads\/2025\/04\/Cane-morde-persone-768x581.jpg.webp?fit=768%2C581&ssl=1","jetpack_likes_enabled":false,"jetpack_sharing_enabled":true,"jetpack_shortlink":"https:\/\/wp.me\/pgkvby-2U","jetpack-related-posts":[{"id":1,"url":"https:\/\/valeriadeidda.com\/es\/2025\/02\/09\/quanto-un-cane-puo-abbaiare-in-un-condominio\/","url_meta":{"origin":180,"position":0},"title":"Quanto un cane pu\u00f2 abbaiare in un condominio?","author":"85valeriadeidda","date":"9 febrero 2025","format":false,"excerpt":"Normalmente per garantire il riposo e la tranquillit\u00e0 dei condomini, il regolamento stabilisce in modo preciso gli orari ed i momenti della giornata nei quali si pu\u00f2 far rumore. Il problema nasce quando a disturbare non sono gli altri condomini, ma i loro compagni a quattro zampe detenuti in appartamento.\u2026","rel":"","context":"En &quot;normative&quot;","block_context":{"text":"normative","link":"https:\/\/valeriadeidda.com\/es\/category\/normative\/"},"img":{"alt_text":"","src":"https:\/\/i0.wp.com\/valeriadeidda.com\/wp-content\/uploads\/2025\/02\/cane-in-balcone.webp?fit=1200%2C628&ssl=1&resize=350%2C200","width":350,"height":200,"srcset":"https:\/\/i0.wp.com\/valeriadeidda.com\/wp-content\/uploads\/2025\/02\/cane-in-balcone.webp?fit=1200%2C628&ssl=1&resize=350%2C200 1x, https:\/\/i0.wp.com\/valeriadeidda.com\/wp-content\/uploads\/2025\/02\/cane-in-balcone.webp?fit=1200%2C628&ssl=1&resize=525%2C300 1.5x, https:\/\/i0.wp.com\/valeriadeidda.com\/wp-content\/uploads\/2025\/02\/cane-in-balcone.webp?fit=1200%2C628&ssl=1&resize=700%2C400 2x, https:\/\/i0.wp.com\/valeriadeidda.com\/wp-content\/uploads\/2025\/02\/cane-in-balcone.webp?fit=1200%2C628&ssl=1&resize=1050%2C600 3x"},"classes":[]},{"id":170,"url":"https:\/\/valeriadeidda.com\/es\/2025\/04\/17\/maltrattamento-di-animali-cosa-dice-la-legge-e-cosa-significa-davvero-rispettare-un-cane\/","url_meta":{"origin":180,"position":1},"title":"Maltrattamento di animali: cosa dice la legge e cosa significa davvero rispettare un cane","author":"85valeriadeidda","date":"17 abril 2025","format":false,"excerpt":"Parlare di maltrattamento non significa solo pensare agli abusi fisici evidenti, quelli che indignano tutti. Significa anche riconoscere quando, spesso per ignoranza o superficialit\u00e0, si lede la dignit\u00e0 e il benessere di un cane. Il reato di maltrattamento di animali \u00e8 regolato dall\u2019articolo 544-ter del Codice Penale. La legge punisce\u2026","rel":"","context":"Entrada similar ","block_context":{"text":"Entrada similar ","link":""},"img":{"alt_text":"","src":"https:\/\/i0.wp.com\/valeriadeidda.com\/wp-content\/uploads\/2025\/04\/cani-denutriti-e-maltrattati-scoperti-dalla-polizia-a-niscemi-caltanissetta.webp?fit=768%2C512&ssl=1&resize=350%2C200","width":350,"height":200,"srcset":"https:\/\/i0.wp.com\/valeriadeidda.com\/wp-content\/uploads\/2025\/04\/cani-denutriti-e-maltrattati-scoperti-dalla-polizia-a-niscemi-caltanissetta.webp?fit=768%2C512&ssl=1&resize=350%2C200 1x, https:\/\/i0.wp.com\/valeriadeidda.com\/wp-content\/uploads\/2025\/04\/cani-denutriti-e-maltrattati-scoperti-dalla-polizia-a-niscemi-caltanissetta.webp?fit=768%2C512&ssl=1&resize=525%2C300 1.5x, https:\/\/i0.wp.com\/valeriadeidda.com\/wp-content\/uploads\/2025\/04\/cani-denutriti-e-maltrattati-scoperti-dalla-polizia-a-niscemi-caltanissetta.webp?fit=768%2C512&ssl=1&resize=700%2C400 2x"},"classes":[]},{"id":207,"url":"https:\/\/valeriadeidda.com\/es\/2025\/04\/25\/trasportare-cani\/","url_meta":{"origin":180,"position":2},"title":"Trasporto Cani in Auto: Cosa Dice la Legge e Come Viaggiare in Sicurezza","author":"85valeriadeidda","date":"25 abril 2025","format":false,"excerpt":"Viaggiare con il proprio cane \u00e8 un\u2019esperienza bellissima, ma \u00e8 importante farlo nel rispetto delle regole. In questo articolo ti spiego tutto quello che c\u2019\u00e8 da sapere sulla normativa italiana, con consigli pratici per trasportare in sicurezza con il tuo amico a quattro zampe. \ud83d\udcdc Cosa dice la legge Il\u2026","rel":"","context":"En &quot;normative&quot;","block_context":{"text":"normative","link":"https:\/\/valeriadeidda.com\/es\/category\/normative\/"},"img":{"alt_text":"","src":"https:\/\/i0.wp.com\/valeriadeidda.com\/wp-content\/uploads\/2025\/04\/kennel-ok.jpg?fit=720%2C720&ssl=1&resize=350%2C200","width":350,"height":200,"srcset":"https:\/\/i0.wp.com\/valeriadeidda.com\/wp-content\/uploads\/2025\/04\/kennel-ok.jpg?fit=720%2C720&ssl=1&resize=350%2C200 1x, https:\/\/i0.wp.com\/valeriadeidda.com\/wp-content\/uploads\/2025\/04\/kennel-ok.jpg?fit=720%2C720&ssl=1&resize=525%2C300 1.5x, https:\/\/i0.wp.com\/valeriadeidda.com\/wp-content\/uploads\/2025\/04\/kennel-ok.jpg?fit=720%2C720&ssl=1&resize=700%2C400 2x"},"classes":[]},{"id":194,"url":"https:\/\/valeriadeidda.com\/es\/2025\/04\/22\/vaccinazioni-per-cani-quali-sono-obbligatorie-e-quali-consigliate\/","url_meta":{"origin":180,"position":3},"title":"Vaccinazioni per cani: quali sono obbligatorie e quali consigliate?","author":"85valeriadeidda","date":"22 abril 2025","format":false,"excerpt":"Nel mondo della salute animale, la prevenzione \u00e8 fondamentale. Una corretta profilassi vaccinale protegge il tuo cane da malattie gravi e potenzialmente letali. In Italia, la distinzione tra vaccinazioni obbligatorie e consigliate \u00e8 importante per garantire il benessere del tuo amico a quattro zampe. Vaccini obbligatori in Italia Attualmente, in\u2026","rel":"","context":"En &quot;benessere&quot;","block_context":{"text":"benessere","link":"https:\/\/valeriadeidda.com\/es\/category\/benessere\/"},"img":{"alt_text":"","src":"https:\/\/i0.wp.com\/valeriadeidda.com\/wp-content\/uploads\/2025\/04\/vaccinazioni-cane.jpg?fit=1200%2C480&ssl=1&resize=350%2C200","width":350,"height":200,"srcset":"https:\/\/i0.wp.com\/valeriadeidda.com\/wp-content\/uploads\/2025\/04\/vaccinazioni-cane.jpg?fit=1200%2C480&ssl=1&resize=350%2C200 1x, https:\/\/i0.wp.com\/valeriadeidda.com\/wp-content\/uploads\/2025\/04\/vaccinazioni-cane.jpg?fit=1200%2C480&ssl=1&resize=525%2C300 1.5x, https:\/\/i0.wp.com\/valeriadeidda.com\/wp-content\/uploads\/2025\/04\/vaccinazioni-cane.jpg?fit=1200%2C480&ssl=1&resize=700%2C400 2x, https:\/\/i0.wp.com\/valeriadeidda.com\/wp-content\/uploads\/2025\/04\/vaccinazioni-cane.jpg?fit=1200%2C480&ssl=1&resize=1050%2C600 3x"},"classes":[]},{"id":238,"url":"https:\/\/valeriadeidda.com\/es\/2025\/06\/04\/viaggiare-aereo-cane-2025\/","url_meta":{"origin":180,"position":4},"title":"\u2708\ufe0f Viaggiare in aereo con il cane: tutto quello che devi sapere nel 2025","author":"85valeriadeidda","date":"4 junio 2025","format":false,"excerpt":"Portare il cane in aereo \u00e8 sempre stato un piccolo incubo per molti: regole strane, limiti di peso assurdi, stress per il cane e per noi. Ma da quest\u2019anno le cose sono cambiate. L\u2019ENAC (l\u2019Ente Nazionale Aviazione Civile) ha aggiornato le regole e \u2013 finalmente \u2013 ci sono novit\u00e0 che\u2026","rel":"","context":"En &quot;benessere&quot;","block_context":{"text":"benessere","link":"https:\/\/valeriadeidda.com\/es\/category\/benessere\/"},"img":{"alt_text":"","src":"https:\/\/i0.wp.com\/valeriadeidda.com\/wp-content\/uploads\/2025\/06\/cane-aereo.jpg?fit=1200%2C680&ssl=1&resize=350%2C200","width":350,"height":200,"srcset":"https:\/\/i0.wp.com\/valeriadeidda.com\/wp-content\/uploads\/2025\/06\/cane-aereo.jpg?fit=1200%2C680&ssl=1&resize=350%2C200 1x, https:\/\/i0.wp.com\/valeriadeidda.com\/wp-content\/uploads\/2025\/06\/cane-aereo.jpg?fit=1200%2C680&ssl=1&resize=525%2C300 1.5x, https:\/\/i0.wp.com\/valeriadeidda.com\/wp-content\/uploads\/2025\/06\/cane-aereo.jpg?fit=1200%2C680&ssl=1&resize=700%2C400 2x, https:\/\/i0.wp.com\/valeriadeidda.com\/wp-content\/uploads\/2025\/06\/cane-aereo.jpg?fit=1200%2C680&ssl=1&resize=1050%2C600 3x"},"classes":[]},{"id":252,"url":"https:\/\/valeriadeidda.com\/es\/2025\/06\/11\/colpo-di-calore-nel-cane-cose-e-come-prevenirlo\/","url_meta":{"origin":180,"position":5},"title":"\u2600\ufe0f Colpo di calore nel cane: cos\u2019\u00e8 e come prevenirlo","author":"85valeriadeidda","date":"11 junio 2025","format":false,"excerpt":"Il colpo di calore nel cane \u00e8 una delle emergenze veterinarie pi\u00f9 serie dell\u2019estate. Quando la temperatura corporea del cane supera i 41\u202f\u00b0C, l\u2019organismo va in tilt: si rischiano danni a cuore, cervello, reni\u2026 e la morte, se non si interviene in tempo. \ud83e\udded Perch\u00e9 succede? A differenza nostra, i\u2026","rel":"","context":"En &quot;benessere&quot;","block_context":{"text":"benessere","link":"https:\/\/valeriadeidda.com\/es\/category\/benessere\/"},"img":{"alt_text":"","src":"https:\/\/i0.wp.com\/valeriadeidda.com\/wp-content\/uploads\/2025\/06\/colpo-di-calore-nel-cane-sintomi-gestione-e-razze-piu-a-rischio.webp?fit=1200%2C628&ssl=1&resize=350%2C200","width":350,"height":200,"srcset":"https:\/\/i0.wp.com\/valeriadeidda.com\/wp-content\/uploads\/2025\/06\/colpo-di-calore-nel-cane-sintomi-gestione-e-razze-piu-a-rischio.webp?fit=1200%2C628&ssl=1&resize=350%2C200 1x, https:\/\/i0.wp.com\/valeriadeidda.com\/wp-content\/uploads\/2025\/06\/colpo-di-calore-nel-cane-sintomi-gestione-e-razze-piu-a-rischio.webp?fit=1200%2C628&ssl=1&resize=525%2C300 1.5x, https:\/\/i0.wp.com\/valeriadeidda.com\/wp-content\/uploads\/2025\/06\/colpo-di-calore-nel-cane-sintomi-gestione-e-razze-piu-a-rischio.webp?fit=1200%2C628&ssl=1&resize=700%2C400 2x, https:\/\/i0.wp.com\/valeriadeidda.com\/wp-content\/uploads\/2025\/06\/colpo-di-calore-nel-cane-sintomi-gestione-e-razze-piu-a-rischio.webp?fit=1200%2C628&ssl=1&resize=1050%2C600 3x"},"classes":[]}],"_links":{"self":[{"href":"https:\/\/valeriadeidda.com\/es\/wp-json\/wp\/v2\/posts\/180","targetHints":{"allow":["GET"]}}],"collection":[{"href":"https:\/\/valeriadeidda.com\/es\/wp-json\/wp\/v2\/posts"}],"about":[{"href":"https:\/\/valeriadeidda.com\/es\/wp-json\/wp\/v2\/types\/post"}],"author":[{"embeddable":true,"href":"https:\/\/valeriadeidda.com\/es\/wp-json\/wp\/v2\/users\/1"}],"replies":[{"embeddable":true,"href":"https:\/\/valeriadeidda.com\/es\/wp-json\/wp\/v2\/comments?post=180"}],"version-history":[{"count":6,"href":"https:\/\/valeriadeidda.com\/es\/wp-json\/wp\/v2\/posts\/180\/revisions"}],"predecessor-version":[{"id":187,"href":"https:\/\/valeriadeidda.com\/es\/wp-json\/wp\/v2\/posts\/180\/revisions\/187"}],"wp:featuredmedia":[{"embeddable":true,"href":"https:\/\/valeriadeidda.com\/es\/wp-json\/wp\/v2\/media\/185"}],"wp:attachment":[{"href":"https:\/\/valeriadeidda.com\/es\/wp-json\/wp\/v2\/media?parent=180"}],"wp:term":[{"taxonomy":"category","embeddable":true,"href":"https:\/\/valeriadeidda.com\/es\/wp-json\/wp\/v2\/categories?post=180"},{"taxonomy":"post_tag","embeddable":true,"href":"https:\/\/valeriadeidda.com\/es\/wp-json\/wp\/v2\/tags?post=180"}],"curies":[{"name":"wp","href":"https:\/\/api.w.org\/{rel}","templated":true}]}}